{"id":242,"date":"2017-10-16T07:43:10","date_gmt":"2017-10-16T05:43:10","guid":{"rendered":"http:\/\/raphaeldelessert.ch\/destinations\/?p=242"},"modified":"2022-03-15T10:23:48","modified_gmt":"2022-03-15T09:23:48","slug":"oeschinen-see-le-lac-oeschinen","status":"publish","type":"post","link":"http:\/\/raphaeldelessert.ch\/destinations\/?p=242","title":{"rendered":"Oeschinensee, le lac Oeschinen"},"content":{"rendered":"<p><span style=\"font-family: 'Helvetica',sans-serif;\">Le lac se trouve dans le canton de Berne \u00e0 une altitude de 1578 m. Tu peux y acc\u00e9der par deux chemins, celui des airs via les t\u00e9l\u00e9cabines ou pour les plus courageux \u00e0 pied.<\/span><\/p>\n<p><span style=\"font-family: 'Helvetica',sans-serif;\">5&nbsp;min en t\u00e9l\u00e9cabine contre 1:30 \u00e0 pied. Le d\u00e9but de la marche est, on va dire facile, par contre la fin, de longues et interminables mont\u00e9es t\u2019y attendent. On ne la marche plus, on la grimpe. Tu arriveras directement devant le lac \u00e0 la fin de celle-ci.<\/span><\/p>\n<p><span style=\"font-family: 'Helvetica',sans-serif;\">Une fois en haut, si tu as choisi les t\u00e9l\u00e9cabines, juste \u00e0 c\u00f4t\u00e9 de celle-ci, tu as les pistes de luge d\u2019\u00e9t\u00e9, plus de 750 de piste \u00e0 faire seul ou accompagn\u00e9.<\/span><\/p>\n<p><span style=\"font-family: 'Helvetica',sans-serif;\">Pour acc\u00e9der au lac, tu dois faire&nbsp;20 Minutes de marche depuis les t\u00e9l\u00e9cabines. Tu as deux restaurants, des places d\u2019herbe pour les grillades, possibilit\u00e9 de faire de la barque sur le lac, p\u00eacher la truite et bien s\u00fbr faire de la randonn\u00e9e sur les montagnes qui entourent le lac.<\/span><\/p>\n<p><span style=\"font-family: helvetica, arial, sans-serif;\"><img fetchpriority=\"high\" fetchpriority=\"high\" decoding=\"async\" class=\"wp-image-252 aligncenter\" src=\"http:\/\/raphaeldelessert.ch\/destinations\/wp-content\/uploads\/sites\/3\/2017\/10\/lol.jpg\" alt=\"\" width=\"551\" height=\"367\" srcset=\"http:\/\/raphaeldelessert.ch\/destinations\/wp-content\/uploads\/sites\/3\/2017\/10\/lol.jpg 6016w, http:\/\/raphaeldelessert.ch\/destinations\/wp-content\/uploads\/sites\/3\/2017\/10\/lol-300x200.jpg 300w, http:\/\/raphaeldelessert.ch\/destinations\/wp-content\/uploads\/sites\/3\/2017\/10\/lol-768x513.jpg 768w, http:\/\/raphaeldelessert.ch\/destinations\/wp-content\/uploads\/sites\/3\/2017\/10\/lol-1024x684.jpg 1024w, http:\/\/raphaeldelessert.ch\/destinations\/wp-content\/uploads\/sites\/3\/2017\/10\/lol-1260x841.jpg 1260w, http:\/\/raphaeldelessert.ch\/destinations\/wp-content\/uploads\/sites\/3\/2017\/10\/lol-760x507.jpg 760w, http:\/\/raphaeldelessert.ch\/destinations\/wp-content\/uploads\/sites\/3\/2017\/10\/lol-860x574.jpg 860w\" sizes=\"(max-width: 551px) 100vw, 551px\" \/><\/span><\/p>\n<p>&nbsp;<\/p>\n<p><strong><span style=\"font-family: 'Helvetica',sans-serif;\">Attention<\/span><\/strong><span style=\"font-family: 'Helvetica',sans-serif;\">&nbsp;: les t\u00e9l\u00e9cabines ferment \u00e0 17&nbsp;h, au-del\u00e0 tu dois descendre \u00e0 pied.<\/span><\/p>\n<h4><span style=\"font-family: helvetica, arial, sans-serif;\">Tarif t\u00e9l\u00e9cabines<\/span><\/h4>\n<table style=\"height: 121px;\" width=\"621\">\n<tbody>\n<tr>\n<td width=\"151\"><span style=\"font-family: helvetica, arial, sans-serif;\">&nbsp;<\/span><\/td>\n<td style=\"text-align: center;\" width=\"151\"><span style=\"font-family: helvetica, arial, sans-serif;\"><strong>Aller<\/strong><\/span><\/td>\n<td style=\"text-align: center;\" width=\"151\"><span style=\"font-family: helvetica, arial, sans-serif;\"><strong>Retour<\/strong><\/span><\/td>\n<\/tr>\n<tr>\n<td width=\"151\"><span style=\"font-family: helvetica, arial, sans-serif;\"><strong>Adultes<\/strong><\/span><\/td>\n<td style=\"text-align: center;\" width=\"151\"><span style=\"font-family: helvetica, arial, sans-serif;\">18.00 CHF<\/span><\/td>\n<td style=\"text-align: center;\" width=\"151\"><span style=\"font-family: helvetica, arial, sans-serif;\">26.00 CHF<\/span><\/td>\n<\/tr>\n<tr>\n<td width=\"151\"><span style=\"font-family: helvetica, arial, sans-serif;\"><strong>Enfants<\/strong><\/span><\/td>\n<td style=\"text-align: center;\" width=\"151\"><span style=\"font-family: helvetica, arial, sans-serif;\">9.00 CHF<\/span><\/td>\n<td style=\"text-align: center;\" width=\"151\"><span style=\"font-family: helvetica, arial, sans-serif;\">13.00 CHF<\/span><\/td>\n<\/tr>\n<\/tbody>\n<\/table>\n<p><span style=\"font-family: 'Helvetica',sans-serif;\">Une jolie exp\u00e9rience, le calme, le silence des montagnes<\/span><\/p>\n<p><span style=\"font-family: 'Helvetica',sans-serif;\">Profite d\u2019une journ\u00e9e inoubliable sur l\u2019un des lacs de montagne les plus c\u00e9l\u00e8bres de Suisse. La nature impressionnante, les nombreuses randonn\u00e9es avec vue, l\u2019eau propre et les nombreuses cascades.<\/span><\/p>\n<p style=\"text-align: center;\"><span style=\"font-family: helvetica, arial, sans-serif;\"><a title=\"Oeschinensee\" href=\"https:\/\/www.flickr.com\/photos\/133420378@N07\/albums\/72157689487335246\" data-flickr-embed=\"true\"><img decoding=\"async\" src=\"http:\/\/farm5.staticflickr.com\/4466\/23875104248_0ee1568376_z.jpg\" alt=\"Oeschinensee\" width=\"640\" height=\"428\"><\/a><script async=\"\" src=\"\/\/embedr.flickr.com\/assets\/client-code.js\" charset=\"utf-8\"><\/script><\/span><\/p>\n","protected":false},"excerpt":{"rendered":"<p>Le lac se trouve dans le canton de Berne \u00e0 une altitude de 1578 m. Tu peux y acc\u00e9der par deux chemins, celui des airs via les t\u00e9l\u00e9cabines ou pour les plus courageux \u00e0 pied. 5&nbsp;min en t\u00e9l\u00e9cabine contre 1:30 \u00e0 pied. Le d\u00e9but de la marche est, on va dire facile, par contre la&#8230;<\/p>\n","protected":false},"author":1,"featured_media":1241,"comment_status":"open","ping_status":"open","sticky":false,"template":"","format":"standard","meta":{"_seopress_robots_primary_cat":"","_seopress_titles_title":"","_seopress_titles_desc":"","_seopress_robots_index":"","_et_pb_use_builder":"","_et_pb_old_content":"","_et_gb_content_width":"","_monsterinsights_skip_tracking":false,"_monsterinsights_sitenote_active":false,"_monsterinsights_sitenote_note":"","_monsterinsights_sitenote_category":0,"ngg_post_thumbnail":0,"footnotes":""},"categories":[3],"tags":[],"class_list":["post-242","post","type-post","status-publish","format-standard","has-post-thumbnail","hentry","category-europe"],"_links":{"self":[{"href":"http:\/\/raphaeldelessert.ch\/destinations\/index.php?rest_route=\/wp\/v2\/posts\/242","targetHints":{"allow":["GET"]}}],"collection":[{"href":"http:\/\/raphaeldelessert.ch\/destinations\/index.php?rest_route=\/wp\/v2\/posts"}],"about":[{"href":"http:\/\/raphaeldelessert.ch\/destinations\/index.php?rest_route=\/wp\/v2\/types\/post"}],"author":[{"embeddable":true,"href":"http:\/\/raphaeldelessert.ch\/destinations\/index.php?rest_route=\/wp\/v2\/users\/1"}],"replies":[{"embeddable":true,"href":"http:\/\/raphaeldelessert.ch\/destinations\/index.php?rest_route=%2Fwp%2Fv2%2Fcomments&post=242"}],"version-history":[{"count":26,"href":"http:\/\/raphaeldelessert.ch\/destinations\/index.php?rest_route=\/wp\/v2\/posts\/242\/revisions"}],"predecessor-version":[{"id":1242,"href":"http:\/\/raphaeldelessert.ch\/destinations\/index.php?rest_route=\/wp\/v2\/posts\/242\/revisions\/1242"}],"wp:featuredmedia":[{"embeddable":true,"href":"http:\/\/raphaeldelessert.ch\/destinations\/index.php?rest_route=\/wp\/v2\/media\/1241"}],"wp:attachment":[{"href":"http:\/\/raphaeldelessert.ch\/destinations\/index.php?rest_route=%2Fwp%2Fv2%2Fmedia&parent=242"}],"wp:term":[{"taxonomy":"category","embeddable":true,"href":"http:\/\/raphaeldelessert.ch\/destinations\/index.php?rest_route=%2Fwp%2Fv2%2Fcategories&post=242"},{"taxonomy":"post_tag","embeddable":true,"href":"http:\/\/raphaeldelessert.ch\/destinations\/index.php?rest_route=%2Fwp%2Fv2%2Ftags&post=242"}],"curies":[{"name":"wp","href":"https:\/\/api.w.org\/{rel}","templated":true}]}}