{"id":741,"date":"2018-03-02T08:52:26","date_gmt":"2018-03-02T07:52:26","guid":{"rendered":"http:\/\/raphaeldelessert.ch\/destinations\/?p=741"},"modified":"2021-02-11T09:43:21","modified_gmt":"2021-02-11T08:43:21","slug":"lac-de-taney","status":"publish","type":"post","link":"http:\/\/raphaeldelessert.ch\/destinations\/?p=741","title":{"rendered":"Lac de Taney"},"content":{"rendered":"<p><img fetchpriority=\"high\" fetchpriority=\"high\" decoding=\"async\" class=\"alignnone wp-image-742 size-large\" src=\"https:\/\/raphaeldelessert.ch\/destinations\/wp-content\/uploads\/sites\/3\/2018\/03\/26720364594_4ffdde6066_k-1024x684.jpg\" alt=\"\" width=\"1024\" height=\"684\" srcset=\"http:\/\/raphaeldelessert.ch\/destinations\/wp-content\/uploads\/sites\/3\/2018\/03\/26720364594_4ffdde6066_k-1024x684.jpg 1024w, http:\/\/raphaeldelessert.ch\/destinations\/wp-content\/uploads\/sites\/3\/2018\/03\/26720364594_4ffdde6066_k-300x200.jpg 300w, http:\/\/raphaeldelessert.ch\/destinations\/wp-content\/uploads\/sites\/3\/2018\/03\/26720364594_4ffdde6066_k-768x513.jpg 768w, http:\/\/raphaeldelessert.ch\/destinations\/wp-content\/uploads\/sites\/3\/2018\/03\/26720364594_4ffdde6066_k-1260x841.jpg 1260w, http:\/\/raphaeldelessert.ch\/destinations\/wp-content\/uploads\/sites\/3\/2018\/03\/26720364594_4ffdde6066_k-760x507.jpg 760w, http:\/\/raphaeldelessert.ch\/destinations\/wp-content\/uploads\/sites\/3\/2018\/03\/26720364594_4ffdde6066_k-860x574.jpg 860w, http:\/\/raphaeldelessert.ch\/destinations\/wp-content\/uploads\/sites\/3\/2018\/03\/26720364594_4ffdde6066_k.jpg 2048w\" sizes=\"(max-width: 1024px) 100vw, 1024px\" \/><\/p>\n<p><span style=\"font-family: helvetica,arial,sans-serif;\">Le lac de Taney est un petit lac de montagne situ\u00e9 \u00e0 1408&nbsp;m d\u2019altitude au-dessus de la commune de Vouvry dans le Chablais valaisan.<\/span><\/p>\n<p><span style=\"font-family: helvetica,arial,sans-serif;\">Ce petit paradis, dominant la vall\u00e9e du Rh\u00f4ne, est une r\u00e9serve naturelle depuis les ann\u00e9es&nbsp;60.<\/span><\/p>\n<p><span style=\"font-family: helvetica,arial,sans-serif;\">Atteignable \u00e0 pied en moins de 1&nbsp;h depuis Vouvry, le petit village d\u2019\u00e9t\u00e9 de Taney accueille de nombreux visiteurs dans ses refuges de montagne. Pour les familles, il est possible de faire le tour du lac en moins de 1&nbsp;h&nbsp;30 et pour les plus endurants, la randonn\u00e9e peut se poursuivre encore pendant 2&nbsp;h&nbsp;30 jusqu\u2019au Grammont, qui culmine \u00e0 2172&nbsp;m d\u2019altitude.<\/span><\/p>\n<h4><span style=\"font-family: helvetica,arial,sans-serif;\">Acc\u00e8s<\/span><\/h4>\n<p><span style=\"font-family: helvetica,arial,sans-serif;\">Depuis le parking du Flon \u00e0 Miex, suivre le chemin p\u00e9destre en direction du col de Tanay (environ 1&nbsp;h&nbsp;15 jusqu\u2019au village de Tanay). Ce chemin est pentu et peut \u00eatre glissant apr\u00e8s un orage. De plus, comme il se fait essentiellement dans la for\u00eat, il y a peu de d\u00e9gagement pour admirer la vue. Une alternative est de prendre la route qui monte jusqu\u2019au lac (compter 20&nbsp;min de plus) qui offre plus de d\u00e9gagement sur la vall\u00e9e du Rh\u00f4ne. Depuis le col, pour ceux qui ont encore de l\u2019\u00e9nergie, tu peux faire le tour du lac (environ 30&nbsp;min.). La descente par la route se fait en 50&nbsp;min.<\/span><br \/>\n<span style=\"font-family: helvetica,arial,sans-serif;\"> Possibilit\u00e9 \u00e9galement de monter en taxi jusqu\u2019au col est de faire uniquement le tour du lac.<\/span><\/p>\n","protected":false},"excerpt":{"rendered":"<p>Le lac de Taney est un petit lac de montagne situ\u00e9 \u00e0 1408&nbsp;m d\u2019altitude au-dessus de la commune de Vouvry dans le Chablais valaisan. Ce petit paradis, dominant la vall\u00e9e du Rh\u00f4ne, est une r\u00e9serve naturelle depuis les ann\u00e9es&nbsp;60. Atteignable \u00e0 pied en moins de 1&nbsp;h depuis Vouvry, le petit village d\u2019\u00e9t\u00e9 de Taney accueille&#8230;<\/p>\n","protected":false},"author":1,"featured_media":742,"comment_status":"closed","ping_status":"closed","sticky":false,"template":"","format":"standard","meta":{"_seopress_robots_primary_cat":"","_seopress_titles_title":"","_seopress_titles_desc":"","_seopress_robots_index":"","_et_pb_use_builder":"","_et_pb_old_content":"","_et_gb_content_width":"","_monsterinsights_skip_tracking":false,"_monsterinsights_sitenote_active":false,"_monsterinsights_sitenote_note":"","_monsterinsights_sitenote_category":0,"ngg_post_thumbnail":0,"footnotes":""},"categories":[3],"tags":[],"class_list":["post-741","post","type-post","status-publish","format-standard","has-post-thumbnail","hentry","category-europe"],"_links":{"self":[{"href":"http:\/\/raphaeldelessert.ch\/destinations\/index.php?rest_route=\/wp\/v2\/posts\/741","targetHints":{"allow":["GET"]}}],"collection":[{"href":"http:\/\/raphaeldelessert.ch\/destinations\/index.php?rest_route=\/wp\/v2\/posts"}],"about":[{"href":"http:\/\/raphaeldelessert.ch\/destinations\/index.php?rest_route=\/wp\/v2\/types\/post"}],"author":[{"embeddable":true,"href":"http:\/\/raphaeldelessert.ch\/destinations\/index.php?rest_route=\/wp\/v2\/users\/1"}],"replies":[{"embeddable":true,"href":"http:\/\/raphaeldelessert.ch\/destinations\/index.php?rest_route=%2Fwp%2Fv2%2Fcomments&post=741"}],"version-history":[{"count":6,"href":"http:\/\/raphaeldelessert.ch\/destinations\/index.php?rest_route=\/wp\/v2\/posts\/741\/revisions"}],"predecessor-version":[{"id":1213,"href":"http:\/\/raphaeldelessert.ch\/destinations\/index.php?rest_route=\/wp\/v2\/posts\/741\/revisions\/1213"}],"wp:featuredmedia":[{"embeddable":true,"href":"http:\/\/raphaeldelessert.ch\/destinations\/index.php?rest_route=\/wp\/v2\/media\/742"}],"wp:attachment":[{"href":"http:\/\/raphaeldelessert.ch\/destinations\/index.php?rest_route=%2Fwp%2Fv2%2Fmedia&parent=741"}],"wp:term":[{"taxonomy":"category","embeddable":true,"href":"http:\/\/raphaeldelessert.ch\/destinations\/index.php?rest_route=%2Fwp%2Fv2%2Fcategories&post=741"},{"taxonomy":"post_tag","embeddable":true,"href":"http:\/\/raphaeldelessert.ch\/destinations\/index.php?rest_route=%2Fwp%2Fv2%2Ftags&post=741"}],"curies":[{"name":"wp","href":"https:\/\/api.w.org\/{rel}","templated":true}]}}