{"id":749,"date":"2018-03-02T11:47:08","date_gmt":"2018-03-02T10:47:08","guid":{"rendered":"http:\/\/raphaeldelessert.ch\/destinations\/?p=749"},"modified":"2022-03-15T10:12:04","modified_gmt":"2022-03-15T09:12:04","slug":"grammont","status":"publish","type":"post","link":"http:\/\/raphaeldelessert.ch\/destinations\/?p=749","title":{"rendered":"Grammont"},"content":{"rendered":"<p><span class=\"cap\"><img fetchpriority=\"high\" fetchpriority=\"high\" decoding=\"async\" class=\"wp-image-750 aligncenter\" src=\"https:\/\/raphaeldelessert.ch\/destinations\/wp-content\/uploads\/sites\/3\/2018\/03\/27294311236_2ec110c1ab_z.jpg\" alt=\"\" width=\"536\" height=\"343\"><\/span><\/p>\n<p>&nbsp;<\/p>\n<p><span style=\"font-family: helvetica, arial, sans-serif;\"><span class=\"cap\">S<\/span>itu\u00e9 au bout du L\u00e9man et au c\u0153ur du Chablais, le Grammont fait partie de ces balades dont le souvenir reste le plus m\u00e9morable tant les paysages d\u00e9couverts sont grandioses. En effet, passant d\u2019abord par le Lac de Taney, l\u2019itin\u00e9raire s\u2019\u00e9l\u00e8ve ensuite vers le Col des Crosses et l\u2019ar\u00eate du Grammont offrant une splendide vue plongeante sur le L\u00e9man<\/span><\/p>\n<p><span style=\"font-family: helvetica, arial, sans-serif;\"> Malgr\u00e9 un d\u00e9nivel\u00e9 en apparence soutenu, la sortie est class\u00e9e \u00ab&nbsp;Moyen&nbsp;\u00bb, car, hormis l\u2019absence de passages difficiles, le profil d\u2019\u00e9l\u00e9vation reste r\u00e9gulier&nbsp;: il n\u2019y a pas de portions tr\u00e8s raides.<\/span><\/p>\n<p><span style=\"font-family: helvetica,arial,sans-serif;\">Si tu y vas quand il y a de la neige ou partiellement, fais gaffe ou tu marches. Certaines zones de neige sont profondes et il y a des risques que tu chutes.<\/span><\/p>\n<h4><span style=\"font-family: helvetica, arial, sans-serif;\">Acc\u00e8s<\/span><\/h4>\n<p class=\"first-child\"><span style=\"font-family: helvetica, arial, sans-serif;\">Tout comme l\u2019itin\u00e9raire du Lac de Taney, prendre le chemin de droite \u00e0 l\u2019extr\u00e9mit\u00e9 du parking qui grimpe franchement dans la for\u00eat et qui coupe plusieurs fois la route goudronn\u00e9e.<\/span><br \/>\n<span style=\"font-family: helvetica, arial, sans-serif;\">L\u2019ascension se poursuit par de courts lacets serr\u00e9s avant de regagner la route sur 200&nbsp;m pour gagner le col de Tanay puis le lac apr\u00e8s une petite descente.<\/span><br \/>\n<span style=\"font-family: helvetica, arial, sans-serif;\">Depuis les chalets-restaurants, suivre le sentier panneaut\u00e9 \u00ab&nbsp;Le Grammont&nbsp;\u00bb .<\/span><\/p>\n<p>&nbsp;<\/p>\n","protected":false},"excerpt":{"rendered":"<p>&nbsp; Situ\u00e9 au bout du L\u00e9man et au c\u0153ur du Chablais, le Grammont fait partie de ces balades dont le souvenir reste le plus m\u00e9morable tant les paysages d\u00e9couverts sont grandioses. En effet, passant d\u2019abord par le Lac de Taney, l\u2019itin\u00e9raire s\u2019\u00e9l\u00e8ve ensuite vers le Col des Crosses et l\u2019ar\u00eate du Grammont offrant une splendide&#8230;<\/p>\n","protected":false},"author":1,"featured_media":1236,"comment_status":"closed","ping_status":"closed","sticky":false,"template":"","format":"standard","meta":{"_seopress_robots_primary_cat":"","_seopress_titles_title":"","_seopress_titles_desc":"","_seopress_robots_index":"","_et_pb_use_builder":"","_et_pb_old_content":"","_et_gb_content_width":"","_monsterinsights_skip_tracking":false,"_monsterinsights_sitenote_active":false,"_monsterinsights_sitenote_note":"","_monsterinsights_sitenote_category":0,"ngg_post_thumbnail":0,"footnotes":""},"categories":[3],"tags":[],"class_list":["post-749","post","type-post","status-publish","format-standard","has-post-thumbnail","hentry","category-europe"],"_links":{"self":[{"href":"http:\/\/raphaeldelessert.ch\/destinations\/index.php?rest_route=\/wp\/v2\/posts\/749","targetHints":{"allow":["GET"]}}],"collection":[{"href":"http:\/\/raphaeldelessert.ch\/destinations\/index.php?rest_route=\/wp\/v2\/posts"}],"about":[{"href":"http:\/\/raphaeldelessert.ch\/destinations\/index.php?rest_route=\/wp\/v2\/types\/post"}],"author":[{"embeddable":true,"href":"http:\/\/raphaeldelessert.ch\/destinations\/index.php?rest_route=\/wp\/v2\/users\/1"}],"replies":[{"embeddable":true,"href":"http:\/\/raphaeldelessert.ch\/destinations\/index.php?rest_route=%2Fwp%2Fv2%2Fcomments&post=749"}],"version-history":[{"count":3,"href":"http:\/\/raphaeldelessert.ch\/destinations\/index.php?rest_route=\/wp\/v2\/posts\/749\/revisions"}],"predecessor-version":[{"id":1212,"href":"http:\/\/raphaeldelessert.ch\/destinations\/index.php?rest_route=\/wp\/v2\/posts\/749\/revisions\/1212"}],"wp:featuredmedia":[{"embeddable":true,"href":"http:\/\/raphaeldelessert.ch\/destinations\/index.php?rest_route=\/wp\/v2\/media\/1236"}],"wp:attachment":[{"href":"http:\/\/raphaeldelessert.ch\/destinations\/index.php?rest_route=%2Fwp%2Fv2%2Fmedia&parent=749"}],"wp:term":[{"taxonomy":"category","embeddable":true,"href":"http:\/\/raphaeldelessert.ch\/destinations\/index.php?rest_route=%2Fwp%2Fv2%2Fcategories&post=749"},{"taxonomy":"post_tag","embeddable":true,"href":"http:\/\/raphaeldelessert.ch\/destinations\/index.php?rest_route=%2Fwp%2Fv2%2Ftags&post=749"}],"curies":[{"name":"wp","href":"https:\/\/api.w.org\/{rel}","templated":true}]}}