{"id":334,"date":"2017-10-19T14:30:37","date_gmt":"2017-10-19T12:30:37","guid":{"rendered":"http:\/\/raphaeldelessert.ch\/destinations\/?p=334"},"modified":"2022-03-15T10:21:37","modified_gmt":"2022-03-15T09:21:37","slug":"sagres","status":"publish","type":"post","link":"https:\/\/raphaeldelessert.ch\/destinations\/?p=334","title":{"rendered":"Sagres"},"content":{"rendered":"<h3 class=\"p1\" style=\"text-align: center;\"><span style=\"font-family: helvetica, arial, sans-serif;\">Fortaleza de sagres<\/span><\/h3>\n<p style=\"text-align: justify;\"><span style=\"font-family: 'Helvetica',sans-serif;\">La&nbsp;Forteresse de Sagres&nbsp;est une construction militaire situ\u00e9e sur la&nbsp;pointe de Sagres, c&#8217;est le point le plus au sud-ouest du&nbsp;Portugal.<\/span><\/p>\n<p style=\"text-align: justify;\"><span style=\"font-family: 'Helvetica',sans-serif;\">Au-del\u00e0 du panorama spectaculaire sur l\u2019oc\u00e9an et le Cap de Saint-Vincent, on peut encore reconna\u00eetre parmi les b\u00e2timents sur le promontoire, la tour-citerne, une muraille coupe-vent, les anciens logements et la caserne, ainsi que l\u2019ancienne \u00e9glise paroissiale de Nossa Senhora da Gra\u00e7a.<\/span><\/p>\n<p style=\"text-align: justify;\"><span style=\"font-family: helvetica, arial, sans-serif;\"><img fetchpriority=\"high\" fetchpriority=\"high\" decoding=\"async\" class=\" wp-image-345 aligncenter\" src=\"http:\/\/raphaeldelessert.ch\/destinations\/wp-content\/uploads\/sites\/3\/2017\/10\/21867512568_a49793f864_z.jpg\" alt=\"\" width=\"504\" height=\"322\"><\/span><\/p>\n<p style=\"text-align: justify;\"><span style=\"font-family: Helvetica;\">Pendant les ann\u00e9es&nbsp;1990, le site fut l\u2019objet d\u2019une restauration et d\u2019une valorisation architecturale, conduite par l\u2019architecte de Porto Jo\u00e3o Carreira. \u00c0 cette occasion, la forteresse dot\u00e9e d\u2019un espace d\u2019expositions temporaires, d\u2019un centre multim\u00e9dia, de boutiques et d\u2019une caf\u00e9t\u00e9ria.<\/span><\/p>\n<h4 style=\"text-align: justify;\"><span style=\"font-family: Helvetica;\">Tarif&nbsp;:<\/span><\/h4>\n<p style=\"text-align: justify;\"><span style=\"font-family: Helvetica;\">4&nbsp;CHF l\u2019entr\u00e9e<\/span><\/p>\n<h4 style=\"text-align: justify;\"><span style=\"font-family: Helvetica;\">Si rentre<\/span><\/h4>\n<p style=\"text-align: justify;\"><span style=\"font-family: Helvetica;\">En voiture ou en taxi<\/span>,<\/p>\n<p style=\"text-align: justify;\"><span style=\"font-family: Helvetica;\">il n\u2019y a pas de navette qui s\u2019y rend<\/span><\/p>\n<p style=\"text-align: justify;\">&nbsp;<\/p>\n","protected":false},"excerpt":{"rendered":"<p>Fortaleza de sagres La&nbsp;Forteresse de Sagres&nbsp;est une construction militaire situ\u00e9e sur la&nbsp;pointe de Sagres, c&#8217;est le point le plus au sud-ouest du&nbsp;Portugal. Au-del\u00e0 du panorama spectaculaire sur l\u2019oc\u00e9an et le Cap de Saint-Vincent, on peut encore reconna\u00eetre parmi les b\u00e2timents sur le promontoire, la tour-citerne, une muraille coupe-vent, les anciens logements et la caserne, ainsi&#8230;<\/p>\n","protected":false},"author":1,"featured_media":1240,"comment_status":"closed","ping_status":"closed","sticky":false,"template":"","format":"standard","meta":{"_seopress_robots_primary_cat":"","_seopress_titles_title":"","_seopress_titles_desc":"","_seopress_robots_index":"","_et_pb_use_builder":"","_et_pb_old_content":"","_et_gb_content_width":"","_monsterinsights_skip_tracking":false,"_monsterinsights_sitenote_active":false,"_monsterinsights_sitenote_note":"","_monsterinsights_sitenote_category":0,"ngg_post_thumbnail":0,"footnotes":""},"categories":[3],"tags":[],"class_list":["post-334","post","type-post","status-publish","format-standard","has-post-thumbnail","hentry","category-europe"],"_links":{"self":[{"href":"https:\/\/raphaeldelessert.ch\/destinations\/index.php?rest_route=\/wp\/v2\/posts\/334","targetHints":{"allow":["GET"]}}],"collection":[{"href":"https:\/\/raphaeldelessert.ch\/destinations\/index.php?rest_route=\/wp\/v2\/posts"}],"about":[{"href":"https:\/\/raphaeldelessert.ch\/destinations\/index.php?rest_route=\/wp\/v2\/types\/post"}],"author":[{"embeddable":true,"href":"https:\/\/raphaeldelessert.ch\/destinations\/index.php?rest_route=\/wp\/v2\/users\/1"}],"replies":[{"embeddable":true,"href":"https:\/\/raphaeldelessert.ch\/destinations\/index.php?rest_route=%2Fwp%2Fv2%2Fcomments&post=334"}],"version-history":[{"count":8,"href":"https:\/\/raphaeldelessert.ch\/destinations\/index.php?rest_route=\/wp\/v2\/posts\/334\/revisions"}],"predecessor-version":[{"id":1218,"href":"https:\/\/raphaeldelessert.ch\/destinations\/index.php?rest_route=\/wp\/v2\/posts\/334\/revisions\/1218"}],"wp:featuredmedia":[{"embeddable":true,"href":"https:\/\/raphaeldelessert.ch\/destinations\/index.php?rest_route=\/wp\/v2\/media\/1240"}],"wp:attachment":[{"href":"https:\/\/raphaeldelessert.ch\/destinations\/index.php?rest_route=%2Fwp%2Fv2%2Fmedia&parent=334"}],"wp:term":[{"taxonomy":"category","embeddable":true,"href":"https:\/\/raphaeldelessert.ch\/destinations\/index.php?rest_route=%2Fwp%2Fv2%2Fcategories&post=334"},{"taxonomy":"post_tag","embeddable":true,"href":"https:\/\/raphaeldelessert.ch\/destinations\/index.php?rest_route=%2Fwp%2Fv2%2Ftags&post=334"}],"curies":[{"name":"wp","href":"https:\/\/api.w.org\/{rel}","templated":true}]}}