{"id":940,"date":"2019-10-28T15:44:08","date_gmt":"2019-10-28T14:44:08","guid":{"rendered":"http:\/\/raphaeldelessert.ch\/destinations\/?p=940"},"modified":"2022-11-29T09:41:43","modified_gmt":"2022-11-29T08:41:43","slug":"maison-hantee-de-bramois","status":"publish","type":"post","link":"https:\/\/raphaeldelessert.ch\/destinations\/?p=940","title":{"rendered":"Maison hant\u00e9e de Bramois"},"content":{"rendered":"\t\t<div data-elementor-type=\"wp-post\" data-elementor-id=\"940\" class=\"elementor elementor-940\">\n\t\t\t\t\t\t<section class=\"elementor-section elementor-top-section elementor-element elementor-element-144c104b elementor-section-boxed elementor-section-height-default elementor-section-height-default jltma-glass-effect-no\" data-id=\"144c104b\" data-element_type=\"section\" data-e-type=\"section\">\n\t\t\t\t\t\t<div class=\"elementor-container elementor-column-gap-default\">\n\t\t\t\t\t<div class=\"elementor-column elementor-col-100 elementor-top-column elementor-element elementor-element-2ab652b9 jltma-glass-effect-no\" data-id=\"2ab652b9\" data-element_type=\"column\" data-e-type=\"column\">\n\t\t\t<div class=\"elementor-widget-wrap elementor-element-populated\">\n\t\t\t\t\t\t<div class=\"elementor-element elementor-element-647d31fc jltma-glass-effect-no elementor-widget elementor-widget-text-editor\" data-id=\"647d31fc\" data-element_type=\"widget\" data-e-type=\"widget\" data-widget_type=\"text-editor.default\">\n\t\t\t\t<div class=\"elementor-widget-container\">\n\t\t\t\t\t\t\t\t\t<p><\/p>\n<p><strong>Histoire&nbsp;: <\/strong><\/p>\n<p><\/p>\n<p><\/p>\n<p>Dans les ann\u00e9es quarante, le b\u00e2tisseur de la maison a tu\u00e9 sa femme et ses deux filles avant de se donner la mort par pendaison. Le propri\u00e9taire suivant s\u2019est aussi pendu peu apr\u00e8s. Plus personne n\u2019a voulu de cette maison jusque dans les ann\u00e9es septante. Le nouveau ma\u00eetre des lieux a tu\u00e9 sa femme et ses enfants par balle. En aout 2019, un incendie volontaire se propagea et fit s\u2019\u00e9crouler une partie de la maison Ouhhhh le gros fun.<\/p>\n<p><\/p>\n<p><\/p>\n<div class=\"wp-block-image\">\n<figure class=\"aligncenter is-resized\"><img fetchpriority=\"high\" fetchpriority=\"high\" decoding=\"async\" class=\"wp-image-941\" src=\"http:\/\/raphaeldelessert.ch\/destinations\/wp-content\/uploads\/sites\/3\/2019\/10\/Maison-Hante\u0301e-13-1024x767.jpg\" alt=\"\" width=\"433\" height=\"324\" srcset=\"https:\/\/raphaeldelessert.ch\/destinations\/wp-content\/uploads\/sites\/3\/2019\/10\/Maison-Hante\u0301e-13-1024x767.jpg 1024w, https:\/\/raphaeldelessert.ch\/destinations\/wp-content\/uploads\/sites\/3\/2019\/10\/Maison-Hante\u0301e-13-300x225.jpg 300w, https:\/\/raphaeldelessert.ch\/destinations\/wp-content\/uploads\/sites\/3\/2019\/10\/Maison-Hante\u0301e-13-768x575.jpg 768w, https:\/\/raphaeldelessert.ch\/destinations\/wp-content\/uploads\/sites\/3\/2019\/10\/Maison-Hante\u0301e-13-1260x944.jpg 1260w, https:\/\/raphaeldelessert.ch\/destinations\/wp-content\/uploads\/sites\/3\/2019\/10\/Maison-Hante\u0301e-13-760x569.jpg 760w, https:\/\/raphaeldelessert.ch\/destinations\/wp-content\/uploads\/sites\/3\/2019\/10\/Maison-Hante\u0301e-13-860x644.jpg 860w\" sizes=\"(max-width: 433px) 100vw, 433px\" \/><\/figure>\n<\/div>\n<p><\/p>\n<p><\/p>\n<p><strong>Mon exp\u00e9rience&nbsp;:<\/strong><\/p>\n<p><\/p>\n<p><\/p>\n<p>Maison hant\u00e9e de Bramois, maison des pendus, maison de la sorci\u00e8re, tout plein de jolis noms pour d\u00e9crire cette maison.&nbsp;<br><\/p>\n<p><\/p>\n<p><\/p>\n<p>Conseil&nbsp;: fais un tour du propri\u00e9taire avant de t\u2019aventurer dans la maison.<\/p>\n<p><\/p>\n<p><\/p>\n<p>Alors la maison est vraiment d\u00e9truite, l\u2019\u00e9tage sup\u00e9rieur est inaccessible, le feu a eu raison de lui. Y rentrer peut-\u00eatre dangereux, car la structure de la maison est faite en bois et apr\u00e8s un incendie, voil\u00e0 quoi\u2009?<\/p>\n<p><\/p>\n<p><\/p>\n<div class=\"wp-block-image\">\n<figure class=\"aligncenter is-resized\"><img decoding=\"async\" class=\"wp-image-964\" src=\"https:\/\/raphaeldelessert.ch\/destinations\/wp-content\/uploads\/sites\/3\/2019\/11\/80d5c93a-041f-46e1-9b20-67a238e28e1c-740x1024.jpg\" alt=\"\" width=\"433\" height=\"599\" srcset=\"https:\/\/raphaeldelessert.ch\/destinations\/wp-content\/uploads\/sites\/3\/2019\/11\/80d5c93a-041f-46e1-9b20-67a238e28e1c-740x1024.jpg 740w, https:\/\/raphaeldelessert.ch\/destinations\/wp-content\/uploads\/sites\/3\/2019\/11\/80d5c93a-041f-46e1-9b20-67a238e28e1c-217x300.jpg 217w, https:\/\/raphaeldelessert.ch\/destinations\/wp-content\/uploads\/sites\/3\/2019\/11\/80d5c93a-041f-46e1-9b20-67a238e28e1c-768x1063.jpg 768w, https:\/\/raphaeldelessert.ch\/destinations\/wp-content\/uploads\/sites\/3\/2019\/11\/80d5c93a-041f-46e1-9b20-67a238e28e1c-1260x1745.jpg 1260w, https:\/\/raphaeldelessert.ch\/destinations\/wp-content\/uploads\/sites\/3\/2019\/11\/80d5c93a-041f-46e1-9b20-67a238e28e1c-760x1052.jpg 760w, https:\/\/raphaeldelessert.ch\/destinations\/wp-content\/uploads\/sites\/3\/2019\/11\/80d5c93a-041f-46e1-9b20-67a238e28e1c-860x1191.jpg 860w, https:\/\/raphaeldelessert.ch\/destinations\/wp-content\/uploads\/sites\/3\/2019\/11\/80d5c93a-041f-46e1-9b20-67a238e28e1c.jpg 1479w\" sizes=\"(max-width: 433px) 100vw, 433px\" \/><\/figure>\n<\/div>\n<p><\/p>\n<p><\/p>\n<p>Dans la face c\u00f4t\u00e9 route, tu pourras avoir acc\u00e8s \u00e0 une chambre, ou un lit et un miroir. Pour y acc\u00e9der, il te faudra une \u00e9chelle, car le seul moyen d\u2019y aller, c\u2019est par la fen\u00eatre. Et bien \u00e9videmment, je n\u2019ai pas maigri depuis, mais avec mon poids sur cette \u00e9chelle bancale \u00e0 souhait, et un rebord de fen\u00eatre plein de clous rouill\u00e9s, je me suis dit que si je tombais et que je me retenais \u00e0 la fen\u00eatre, je risquerais d\u2019attraper le t\u00e9tanos avec la chance que j\u2019ai.<\/p>\n<p><\/p>\n<p><\/p>\n<p>Mais tout s\u2019est bien pass\u00e9, la descente \u00e9tait moins dr\u00f4le, mais \u00e7a valait le coup.<\/p>\n<p><\/p>\n<p><\/p>\n<p>C\u2019\u00e9tait une tr\u00e8s bonne exp\u00e9rience, mais vu l\u2019\u00e9tat de la maison, j\u2019ai peur que dans quelques ann\u00e9es celle-ci n\u2019en vienne \u00e0 dispara\u00eetre. Et si ce n\u2019est pas le cas, faire <img decoding=\"async\" draggable=\"false\" role=\"img\" class=\"emoji\" alt=\"\u2757\ufe0f\" src=\"https:\/\/s.w.org\/images\/core\/emoji\/14.0.0\/svg\/2757.svg\"> VRAIMENT ATTENTION. <img decoding=\"async\" draggable=\"false\" role=\"img\" class=\"emoji\" alt=\"\u2757\ufe0f\" src=\"https:\/\/s.w.org\/images\/core\/emoji\/14.0.0\/svg\/2757.svg\"><\/p>\n<p><\/p>\n<p><\/p>\n<p><a title=\"Maison Hant\u00e9e - Bramois\" href=\"https:\/\/www.flickr.com\/photos\/133420378@N07\/albums\/72157711534661716\" data-flickr-embed=\"true\"><img decoding=\"async\" src=\"https:\/\/live.staticflickr.com\/65535\/48974281676_dd2f53e86c_b.jpg\" alt=\"Maison Hant\u00e9e - Bramois\" width=\"1024\" height=\"684\"><\/a><script async=\"\" src=\"\/\/embedr.flickr.com\/assets\/client-code.js\" charset=\"utf-8\"><\/script><\/p>\n<p><\/p>\t\t\t\t\t\t\t\t<\/div>\n\t\t\t\t<\/div>\n\t\t\t\t\t<\/div>\n\t\t<\/div>\n\t\t\t\t\t<\/div>\n\t\t<\/section>\n\t\t\t\t<\/div>\n\t\t","protected":false},"excerpt":{"rendered":"<p>Histoire&nbsp;: Dans les ann\u00e9es quarante, le b\u00e2tisseur de la maison a tu\u00e9 sa femme et ses deux filles avant de se donner la mort par pendaison. Le propri\u00e9taire suivant s\u2019est aussi pendu peu apr\u00e8s. Plus personne n\u2019a voulu de cette maison jusque dans les ann\u00e9es septante. Le nouveau ma\u00eetre des lieux a tu\u00e9 sa femme&#8230;<\/p>\n","protected":false},"author":1,"featured_media":948,"comment_status":"closed","ping_status":"closed","sticky":false,"template":"","format":"standard","meta":{"_seopress_robots_primary_cat":"","_seopress_titles_title":"","_seopress_titles_desc":"","_seopress_robots_index":"","_et_pb_use_builder":"","_et_pb_old_content":"","_et_gb_content_width":"","_monsterinsights_skip_tracking":false,"_monsterinsights_sitenote_active":false,"_monsterinsights_sitenote_note":"","_monsterinsights_sitenote_category":0,"ngg_post_thumbnail":0,"footnotes":""},"categories":[18],"tags":[],"class_list":["post-940","post","type-post","status-publish","format-standard","has-post-thumbnail","hentry","category-urbex"],"_links":{"self":[{"href":"https:\/\/raphaeldelessert.ch\/destinations\/index.php?rest_route=\/wp\/v2\/posts\/940","targetHints":{"allow":["GET"]}}],"collection":[{"href":"https:\/\/raphaeldelessert.ch\/destinations\/index.php?rest_route=\/wp\/v2\/posts"}],"about":[{"href":"https:\/\/raphaeldelessert.ch\/destinations\/index.php?rest_route=\/wp\/v2\/types\/post"}],"author":[{"embeddable":true,"href":"https:\/\/raphaeldelessert.ch\/destinations\/index.php?rest_route=\/wp\/v2\/users\/1"}],"replies":[{"embeddable":true,"href":"https:\/\/raphaeldelessert.ch\/destinations\/index.php?rest_route=%2Fwp%2Fv2%2Fcomments&post=940"}],"version-history":[{"count":19,"href":"https:\/\/raphaeldelessert.ch\/destinations\/index.php?rest_route=\/wp\/v2\/posts\/940\/revisions"}],"predecessor-version":[{"id":1289,"href":"https:\/\/raphaeldelessert.ch\/destinations\/index.php?rest_route=\/wp\/v2\/posts\/940\/revisions\/1289"}],"wp:featuredmedia":[{"embeddable":true,"href":"https:\/\/raphaeldelessert.ch\/destinations\/index.php?rest_route=\/wp\/v2\/media\/948"}],"wp:attachment":[{"href":"https:\/\/raphaeldelessert.ch\/destinations\/index.php?rest_route=%2Fwp%2Fv2%2Fmedia&parent=940"}],"wp:term":[{"taxonomy":"category","embeddable":true,"href":"https:\/\/raphaeldelessert.ch\/destinations\/index.php?rest_route=%2Fwp%2Fv2%2Fcategories&post=940"},{"taxonomy":"post_tag","embeddable":true,"href":"https:\/\/raphaeldelessert.ch\/destinations\/index.php?rest_route=%2Fwp%2Fv2%2Ftags&post=940"}],"curies":[{"name":"wp","href":"https:\/\/api.w.org\/{rel}","templated":true}]}}